{"id":1094,"date":"2023-05-04T18:28:37","date_gmt":"2023-05-04T16:28:37","guid":{"rendered":"https:\/\/ekoen.pl\/?p=1094"},"modified":"2023-05-04T18:28:38","modified_gmt":"2023-05-04T16:28:38","slug":"wspolpraca-ekoen-i-astra-zeneca","status":"publish","type":"post","link":"https:\/\/ekoen.pl\/en\/wspolpraca-ekoen-i-astra-zeneca\/","title":{"rendered":"Wsp\u00f3\u0142praca Ekoen i Astra Zeneca!"},"content":{"rendered":"\n<p>\u270d Wsp\u00f3\u0142praca\u00a0EKOEN\u00a0z\u00a0AstraZeneca!<\/p>\n\n\n\n<p>\ud83d\uddd3 Na pocz\u0105tku kwietnia firmy Ekoen i AstraZeneca Pharma Poland podpisa\u0142y umow\u0119 o wsp\u00f3\u0142pracy w zakresie \u015bwiadczenia us\u0142ug \u0142adowania pojazd\u00f3w elektrycznych.<\/p>\n\n\n\n<p>\ud83d\udd0b W styczniu br. oddali\u015bmy do u\u017cytku nowy 6-stanowiskowy HUB przy ulicy Post\u0119pu 14 w Warszawie.<br>AstraZeneca\u00a0posiada obecnie jedn\u0105 z najwi\u0119kszych flot osobowych aut elektrycznych w Polsce.<br>Siedziby\u00a0EKOEN\u00a0oraz\u00a0AstraZeneca\u00a0znajduj\u0105 si\u0119 w tym samym budynku. Jest wi\u0119c naturalne, \u017ce obie firmy nawi\u0105za\u0142y wsp\u00f3\u0142prac\u0119.<br>HUB\u00a0EKOEN\u00a0oferuje wysok\u0105 dost\u0119pno\u015b\u0107, niezawodno\u015b\u0107 oraz wysok\u0105 moc, co przek\u0142ada si\u0119 na komfort i kr\u00f3tki czas \u0142adowania pojazd\u00f3w, dzi\u0119ki czemu mo\u017ce sprosta\u0107 wysokim wymaganiom stawianym przez klient\u00f3w korporacyjnych takich jak\u00a0AstraZeneca.<\/p>\n\n\n\n<p>\ud83d\udde8Przy za\u0142o\u017ceniu \u015bredniego poziomu zu\u017cycia energii przez auto s\u0142u\u017cbowe mo\u017cemy zaspokoi\u0107 na naszym HUBie potrzeby floty posiadaj\u0105cej nawet 300 aut &#8211; m\u00f3wi\u00a0Tomasz Siedlecki, Dyrektor Sprzeda\u017cy\u00a0EKOEN.<br>\ud83d\udde8W ramach umowy flotowej, nasza firma obs\u0142uguje flot\u0119 pojazd\u00f3w elektrycznych\u00a0AstraZeneca\u00a0w wyj\u0105tkowej formule door-to-door. W tej formule kierowca zostawia kluczyki w recepcji, wskazuje miejsce postoju pojazdu i docelowy poziom na\u0142adowania baterii. Reszt\u0105 zajmuje si\u0119 nasz personel &#8211; m\u00f3wi\u00a0Marcin Zawada, Kierownik ds. Rozwoju Biznesu i Administracji\u00a0EKOEN.<br>Oczywi\u015bcie kierowcy mog\u0105 te\u017c \u0142adowa\u0107 samochody osobi\u015bcie. Us\u0142ugi odbywaj\u0105 si\u0119 bezgot\u00f3wkowo, a rozliczenia z Klientem s\u0105 okresowe na bazie zbiorczej faktury i z uwzgl\u0119dnieniem cen flotowych. &#8211; dodaje.\u00a0<br>Us\u0142uga door to door dla flot samochodowych znana jest od dawna, ale\u00a0EKOEN\u00a0\u0142\u0105czy j\u0105 jako pierwszy na rynku z elektromobilno\u015bci\u0105. Dzi\u0119ki niej klient zyskuje:<br>\u2705Czas \u2013 nie martwi\u0105c si\u0119 o planowanie \u0142adowania, \u015bledzenie ob\u0142o\u017cenia Hub\u2019u. Klient wskazuje, na kt\u00f3r\u0105 godzin\u0119 chce mie\u0107 na\u0142adowany samoch\u00f3d, a\u00a0EKOEN\u00a0zajmuje si\u0119 reszt\u0105<br>\u2705Gotowo\u015b\u0107 samochodu do podr\u00f3\u017cy \u2013 klient zostawia roz\u0142adowany pojazd, a odje\u017cd\u017ca na\u0142adowanym<br>\u2705Minimum formalno\u015bci \u2013 klient okre\u015bla w prosty spos\u00f3b oczekiwane parametry obs\u0142ugi pojazdu<\/p>\n\n\n\n<p>AstraZeneca\u00a0jest \u015bwiatowym liderem we wprowadzaniu rozwi\u0105za\u0144, kt\u00f3re wychodz\u0105 poza ramy standardowego my\u015blenia o zr\u00f3wnowa\u017conym rozwoju. Sp\u00f3\u0142ka w 2030 roku zamierza osi\u0105gn\u0105\u0107 negatywn\u0105 emisj\u0119 ekwiwalentu CO2, co jest mo\u017cliwe jedynie w przypadku ca\u0142kowitej rezygnacji ze stosowania paliw kopalnych w ca\u0142ym \u0142a\u0144cuchu warto\u015bci.<\/p>\n\n\n\n<p>&#8220;Nasza flota samochodowa sk\u0142ada si\u0119 wy\u0142\u0105cznie z pojazd\u00f3w hybrydowych oraz elektrycznych, a do ko\u0144ca 2025 r. b\u0119d\u0105 to wy\u0142\u0105cznie samochody elektryczne. Elektryfikacja wymaga obecnie wychodzenia poza schemat i przecierania szlak\u00f3w. Wsp\u00f3\u0142praca z solidnym partnerem, kt\u00f3ry pomaga nam w realizacji naszych cel\u00f3w w ramach programu Ambition Zero Carbon jest dla nas kluczowa&#8221; &#8211; podkre\u015bla\u00a0\u0141ukasz Karpi\u0144ski, Asocciate Director Mobility z\u00a0AstraZeneca\u00a0Pharma Poland. \ud83d\udcac<\/p>\n\n\n\n<p>Za swoje sp\u00f3jne i d\u0142ugofalowe dzia\u0142ania w obszarze elektromobilno\u015bci, w 2022 r. trzeci rok z rz\u0119du,\u00a0AstraZeneca\u00a0dosta\u0142a nagrod\u0119 \u201eEko Flota\u201d, przyznawan\u0105 przez\u00a0Polski Zwi\u0105zek Wynajmu i Leasingu Pojazd\u00f3w.<\/p>\n","protected":false},"excerpt":{"rendered":"<p>\u270d Wsp\u00f3\u0142praca\u00a0EKOEN\u00a0z\u00a0AstraZeneca! \ud83d\uddd3 Na pocz\u0105tku kwietnia firmy Ekoen i AstraZeneca Pharma Poland podpisa\u0142y umow\u0119 o wsp\u00f3\u0142pracy w zakresie \u015bwiadczenia us\u0142ug \u0142adowania pojazd\u00f3w elektrycznych. \ud83d\udd0b W styczniu br. oddali\u015bmy do u\u017cytku nowy 6-stanowiskowy HUB przy ulicy Post\u0119pu 14 w Warszawie.AstraZeneca\u00a0posiada obecnie jedn\u0105 z najwi\u0119kszych flot osobowych aut elektrycznych w Polsce.Siedziby\u00a0EKOEN\u00a0oraz\u00a0AstraZeneca\u00a0znajduj\u0105 si\u0119 w tym samym budynku. Jest [&hellip;]<\/p>\n","protected":false},"author":3,"featured_media":1095,"comment_status":"open","ping_status":"open","sticky":false,"template":"","format":"standard","meta":{"footnotes":""},"categories":[1],"tags":[],"class_list":["post-1094","post","type-post","status-publish","format-standard","has-post-thumbnail","hentry","category-bez-kategorii"],"acf":[],"_links":{"self":[{"href":"https:\/\/ekoen.pl\/en\/wp-json\/wp\/v2\/posts\/1094","targetHints":{"allow":["GET"]}}],"collection":[{"href":"https:\/\/ekoen.pl\/en\/wp-json\/wp\/v2\/posts"}],"about":[{"href":"https:\/\/ekoen.pl\/en\/wp-json\/wp\/v2\/types\/post"}],"author":[{"embeddable":true,"href":"https:\/\/ekoen.pl\/en\/wp-json\/wp\/v2\/users\/3"}],"replies":[{"embeddable":true,"href":"https:\/\/ekoen.pl\/en\/wp-json\/wp\/v2\/comments?post=1094"}],"version-history":[{"count":1,"href":"https:\/\/ekoen.pl\/en\/wp-json\/wp\/v2\/posts\/1094\/revisions"}],"predecessor-version":[{"id":1097,"href":"https:\/\/ekoen.pl\/en\/wp-json\/wp\/v2\/posts\/1094\/revisions\/1097"}],"wp:featuredmedia":[{"embeddable":true,"href":"https:\/\/ekoen.pl\/en\/wp-json\/wp\/v2\/media\/1095"}],"wp:attachment":[{"href":"https:\/\/ekoen.pl\/en\/wp-json\/wp\/v2\/media?parent=1094"}],"wp:term":[{"taxonomy":"category","embeddable":true,"href":"https:\/\/ekoen.pl\/en\/wp-json\/wp\/v2\/categories?post=1094"},{"taxonomy":"post_tag","embeddable":true,"href":"https:\/\/ekoen.pl\/en\/wp-json\/wp\/v2\/tags?post=1094"}],"curies":[{"name":"wp","href":"https:\/\/api.w.org\/{rel}","templated":true}]}}