{"id":1139,"date":"2023-05-22T10:44:54","date_gmt":"2023-05-22T08:44:54","guid":{"rendered":"https:\/\/ekoen.pl\/?p=1139"},"modified":"2023-05-22T10:44:56","modified_gmt":"2023-05-22T08:44:56","slug":"ekoen-na-ev-experience","status":"publish","type":"post","link":"https:\/\/ekoen.pl\/en\/ekoen-na-ev-experience\/","title":{"rendered":"Ekoen na EV Experience!"},"content":{"rendered":"\n<p>\ud83d\udd0bWe\u017a udzia\u0142 w najwi\u0119kszym te\u015bcie samochod\u00f3w elektrycznych w Polsce na \u017cywo podczas naszego Open Day EV Experience i spotkaj si\u0119 z zespo\u0142em Ekoen!<\/p>\n\n\n\n<p>\u202f26 i 27 maja na&nbsp;Tor Modlin&nbsp;b\u0119dziecie mieli okazj\u0119 przetestowa\u0107 ponad 70 samochod\u00f3w elektrycznych na profesjonalnym torze pod okiem do\u015bwiadczonych instruktor\u00f3w.\ud83d\udefb<\/p>\n\n\n\n<p>Mamy dla Was rabat 50% na zakup bilet\u00f3w !\u00a0\ud83c\udf81<br>Wystarczy, \u017ce podczas zakupu na stronie https:\/\/evexperience.myevent.pl\/kup_bilet skorzystasz z kodu rabatowego EV_EKOEN_50.\u00a0<br>Do zobaczenia na Torze Modlin!\u00a0<\/p>\n","protected":false},"excerpt":{"rendered":"<p>\ud83d\udd0bWe\u017a udzia\u0142 w najwi\u0119kszym te\u015bcie samochod\u00f3w elektrycznych w Polsce na \u017cywo podczas naszego Open Day EV Experience i spotkaj si\u0119 z zespo\u0142em Ekoen! \u202f26 i 27 maja na&nbsp;Tor Modlin&nbsp;b\u0119dziecie mieli okazj\u0119 przetestowa\u0107 ponad 70 samochod\u00f3w elektrycznych na profesjonalnym torze pod okiem do\u015bwiadczonych instruktor\u00f3w.\ud83d\udefb Mamy dla Was rabat 50% na zakup bilet\u00f3w !\u00a0\ud83c\udf81Wystarczy, \u017ce podczas zakupu [&hellip;]<\/p>\n","protected":false},"author":3,"featured_media":1140,"comment_status":"open","ping_status":"open","sticky":false,"template":"","format":"standard","meta":{"footnotes":""},"categories":[1],"tags":[],"class_list":["post-1139","post","type-post","status-publish","format-standard","has-post-thumbnail","hentry","category-bez-kategorii"],"acf":[],"_links":{"self":[{"href":"https:\/\/ekoen.pl\/en\/wp-json\/wp\/v2\/posts\/1139","targetHints":{"allow":["GET"]}}],"collection":[{"href":"https:\/\/ekoen.pl\/en\/wp-json\/wp\/v2\/posts"}],"about":[{"href":"https:\/\/ekoen.pl\/en\/wp-json\/wp\/v2\/types\/post"}],"author":[{"embeddable":true,"href":"https:\/\/ekoen.pl\/en\/wp-json\/wp\/v2\/users\/3"}],"replies":[{"embeddable":true,"href":"https:\/\/ekoen.pl\/en\/wp-json\/wp\/v2\/comments?post=1139"}],"version-history":[{"count":1,"href":"https:\/\/ekoen.pl\/en\/wp-json\/wp\/v2\/posts\/1139\/revisions"}],"predecessor-version":[{"id":1142,"href":"https:\/\/ekoen.pl\/en\/wp-json\/wp\/v2\/posts\/1139\/revisions\/1142"}],"wp:featuredmedia":[{"embeddable":true,"href":"https:\/\/ekoen.pl\/en\/wp-json\/wp\/v2\/media\/1140"}],"wp:attachment":[{"href":"https:\/\/ekoen.pl\/en\/wp-json\/wp\/v2\/media?parent=1139"}],"wp:term":[{"taxonomy":"category","embeddable":true,"href":"https:\/\/ekoen.pl\/en\/wp-json\/wp\/v2\/categories?post=1139"},{"taxonomy":"post_tag","embeddable":true,"href":"https:\/\/ekoen.pl\/en\/wp-json\/wp\/v2\/tags?post=1139"}],"curies":[{"name":"wp","href":"https:\/\/api.w.org\/{rel}","templated":true}]}}