{"id":1504,"date":"2023-10-02T15:57:37","date_gmt":"2023-10-02T13:57:37","guid":{"rendered":"https:\/\/ekoen.pl\/?p=1504"},"modified":"2023-10-02T15:57:38","modified_gmt":"2023-10-02T13:57:38","slug":"ekoen-hubject","status":"publish","type":"post","link":"https:\/\/ekoen.pl\/en\/ekoen-hubject\/","title":{"rendered":"Ekoen &#038; Hubject"},"content":{"rendered":"\n<p>Wyobra\u017a sobie stacj\u0119 \u0142adowania przysz\u0142o\u015bci&#8230;<\/p>\n\n\n\n<p>Futurystyczna architektura, pi\u0119kne satelity, a na dodatek strefa relaksu, w kt\u00f3rej mo\u017cesz odpocz\u0105\u0107 lub popracowa\u0107, podczas gdy Twoje auto si\u0119 \u0142aduje \ud83d\udd0b\ud83d\udd0c<\/p>\n\n\n\n<p>Podje\u017cd\u017casz, wk\u0142adasz wtyczk\u0119 do samochodu i&#8230; nic wi\u0119cej nie musisz robi\u0107! \u0141adowanie, rozliczenie &#8211; wszystko dzieje si\u0119 ju\u017c samo \ud83e\udd29<\/p>\n\n\n\n<p>A co powiesz na to, \u017ce taka wizja jest ju\u017c mo\u017cliwa w Polsce?<\/p>\n\n\n\n<p>Podczas Kongresu Nowej Mobilno\u015bci &#8211; najwi\u0119kszej konferencji i targ\u00f3w bran\u017cowych po\u015bwi\u0119conych elektromobilno\u015bci w Europie \u015arodkowo-Wschodniej, wsp\u00f3lnie z\u00a0Ekoenergetyka\u00a0i\u00a0Hubject, zaprezentujemy standard Plug&amp;Charge \ud83d\ude98\ud83d\udd0c<\/p>\n\n\n\n<p>Wizja stacji \u0142adowania przysz\u0142o\u015bci staje si\u0119 rzeczywisto\u015bci\u0105 ju\u017c teraz na\u00a0#Hubach #Ekoen\u00a0\ud83d\ude09<\/p>\n","protected":false},"excerpt":{"rendered":"<p>Wyobra\u017a sobie stacj\u0119 \u0142adowania przysz\u0142o\u015bci&#8230; Futurystyczna architektura, pi\u0119kne satelity, a na dodatek strefa relaksu, w kt\u00f3rej mo\u017cesz odpocz\u0105\u0107 lub popracowa\u0107, podczas gdy Twoje auto si\u0119 \u0142aduje \ud83d\udd0b\ud83d\udd0c Podje\u017cd\u017casz, wk\u0142adasz wtyczk\u0119 do samochodu i&#8230; nic wi\u0119cej nie musisz robi\u0107! \u0141adowanie, rozliczenie &#8211; wszystko dzieje si\u0119 ju\u017c samo \ud83e\udd29 A co powiesz na to, \u017ce taka wizja [&hellip;]<\/p>\n","protected":false},"author":3,"featured_media":1505,"comment_status":"open","ping_status":"open","sticky":false,"template":"","format":"standard","meta":{"footnotes":""},"categories":[1],"tags":[],"class_list":["post-1504","post","type-post","status-publish","format-standard","has-post-thumbnail","hentry","category-bez-kategorii"],"acf":[],"_links":{"self":[{"href":"https:\/\/ekoen.pl\/en\/wp-json\/wp\/v2\/posts\/1504","targetHints":{"allow":["GET"]}}],"collection":[{"href":"https:\/\/ekoen.pl\/en\/wp-json\/wp\/v2\/posts"}],"about":[{"href":"https:\/\/ekoen.pl\/en\/wp-json\/wp\/v2\/types\/post"}],"author":[{"embeddable":true,"href":"https:\/\/ekoen.pl\/en\/wp-json\/wp\/v2\/users\/3"}],"replies":[{"embeddable":true,"href":"https:\/\/ekoen.pl\/en\/wp-json\/wp\/v2\/comments?post=1504"}],"version-history":[{"count":1,"href":"https:\/\/ekoen.pl\/en\/wp-json\/wp\/v2\/posts\/1504\/revisions"}],"predecessor-version":[{"id":1507,"href":"https:\/\/ekoen.pl\/en\/wp-json\/wp\/v2\/posts\/1504\/revisions\/1507"}],"wp:featuredmedia":[{"embeddable":true,"href":"https:\/\/ekoen.pl\/en\/wp-json\/wp\/v2\/media\/1505"}],"wp:attachment":[{"href":"https:\/\/ekoen.pl\/en\/wp-json\/wp\/v2\/media?parent=1504"}],"wp:term":[{"taxonomy":"category","embeddable":true,"href":"https:\/\/ekoen.pl\/en\/wp-json\/wp\/v2\/categories?post=1504"},{"taxonomy":"post_tag","embeddable":true,"href":"https:\/\/ekoen.pl\/en\/wp-json\/wp\/v2\/tags?post=1504"}],"curies":[{"name":"wp","href":"https:\/\/api.w.org\/{rel}","templated":true}]}}