{"id":1819,"date":"2024-06-24T13:31:52","date_gmt":"2024-06-24T11:31:52","guid":{"rendered":"https:\/\/ekoen.pl\/?p=1819"},"modified":"2024-06-24T13:31:54","modified_gmt":"2024-06-24T11:31:54","slug":"charin-testivalconference","status":"publish","type":"post","link":"https:\/\/ekoen.pl\/en\/charin-testivalconference\/","title":{"rendered":"CharIN Testival&amp;Conference"},"content":{"rendered":"\n<p>Czy wiesz, gdzie dzi\u015b mie\u015bci si\u0119 centrum elektromobilno\u015bci w Polsce? <img decoding=\"async\" height=\"16\" width=\"16\" alt=\"\ud83d\udd0b\" src=\"https:\/\/static.xx.fbcdn.net\/images\/emoji.php\/v9\/tbf\/1\/16\/1f50b.png\"><img decoding=\"async\" height=\"16\" width=\"16\" alt=\"\ud83c\udf0d\" src=\"https:\/\/static.xx.fbcdn.net\/images\/emoji.php\/v9\/t3f\/1\/16\/1f30d.png\"><\/p>\n\n\n\n<p>W Zielonej G\u00f3rze, w siedzibie Ekoenergetyki, odbywa si\u0119 wyj\u0105tkowe wydarzenie &#8211; CharIN Conference &amp; Testival, kt\u00f3re potrwa od 4 czerwca do 7 czerwca! <img decoding=\"async\" height=\"16\" width=\"16\" alt=\"\ud83d\ude80\" src=\"https:\/\/static.xx.fbcdn.net\/images\/emoji.php\/v9\/tc6\/1\/16\/1f680.png\"><img loading=\"lazy\" decoding=\"async\" height=\"16\" width=\"16\" alt=\"\u2728\" src=\"https:\/\/static.xx.fbcdn.net\/images\/emoji.php\/v9\/tf4\/1\/16\/2728.png\"><\/p>\n\n\n\n<p>Przedstawiciele \u015bwiata elektromobilno\u015bci z r\u00f3\u017cnych zak\u0105tk\u00f3w Europy zjechali si\u0119, aby wzi\u0105\u0107 udzia\u0142 w tym niesamowitym wydarzeniu. Dzieje si\u0119 naprawd\u0119 du\u017co! <img loading=\"lazy\" decoding=\"async\" height=\"16\" width=\"16\" alt=\"\ud83c\udf89\" src=\"https:\/\/static.xx.fbcdn.net\/images\/emoji.php\/v9\/t8c\/1\/16\/1f389.png\"><\/p>\n\n\n\n<p><img loading=\"lazy\" decoding=\"async\" height=\"16\" width=\"16\" alt=\"\ud83c\udfa4\" src=\"https:\/\/static.xx.fbcdn.net\/images\/emoji.php\/v9\/t7e\/1\/16\/1f3a4.png\"><a><\/a>Panele dyskusyjne o r\u00f3\u017cnych aspektach elektromobilno\u015bci<\/p>\n\n\n\n<p><img loading=\"lazy\" decoding=\"async\" height=\"16\" width=\"16\" alt=\"\ud83d\ude97\" src=\"https:\/\/static.xx.fbcdn.net\/images\/emoji.php\/v9\/tec\/1\/16\/1f697.png\"> Testival, podczas kt\u00f3rego r\u00f3\u017cne pojazdy testuj\u0105 swoj\u0105 technologi\u0119 z producentami stacji \u0142adowania<\/p>\n\n\n\n<p><img loading=\"lazy\" decoding=\"async\" height=\"16\" width=\"16\" alt=\"\ud83d\ude9a\" src=\"https:\/\/static.xx.fbcdn.net\/images\/emoji.php\/v9\/t16\/1\/16\/1f69a.png\"> Osobna strefa dla e-truck\u00f3w &#8211; po raz pierwszy w Europie zobaczymy elektryczn\u0105 ci\u0119\u017car\u00f3wk\u0119 BYD!<\/p>\n\n\n\n<p>Z hubu Ekoen w Nowym Kisielinie r\u00f3wnie\u017c mamy dobre wiadomo\u015bci! Sko\u0144czyli\u015bmy pierwszy etap modernizacji, dzi\u0119ki kt\u00f3remu mamy teraz 8 punkt\u00f3w szybkiego \u0142adowania. <img loading=\"lazy\" decoding=\"async\" height=\"16\" width=\"16\" alt=\"\u26a1\" src=\"https:\/\/static.xx.fbcdn.net\/images\/emoji.php\/v9\/t5d\/1\/16\/26a1.png\"><img loading=\"lazy\" decoding=\"async\" height=\"16\" width=\"16\" alt=\"\ud83d\ude97\" src=\"https:\/\/static.xx.fbcdn.net\/images\/emoji.php\/v9\/tec\/1\/16\/1f697.png\"><\/p>\n\n\n\n<p>I wszystkie s\u0105 zaj\u0119te! Tak\u017ce je\u015bli planowa\u0142e\u015b dzi\u015b na\u0142adowa\u0107 si\u0119 na naszym hubie, uprzedzamy &#8211; mog\u0105 by\u0107 kolejki. <img loading=\"lazy\" decoding=\"async\" height=\"16\" width=\"16\" src=\"https:\/\/static.xx.fbcdn.net\/images\/emoji.php\/v9\/t57\/1\/16\/1f609.png\" alt=\"\ud83d\ude09\"><\/p>\n\n\n\n<figure class=\"wp-block-image size-large\"><img loading=\"lazy\" decoding=\"async\" width=\"1024\" height=\"768\" src=\"https:\/\/ekoen.pl\/wp-content\/uploads\/447432508_1006649141252627_8862133446495202449_n-1024x768.jpg\" alt=\"\" class=\"wp-image-1822\" srcset=\"https:\/\/ekoen.pl\/wp-content\/uploads\/447432508_1006649141252627_8862133446495202449_n-1024x768.jpg 1024w, https:\/\/ekoen.pl\/wp-content\/uploads\/447432508_1006649141252627_8862133446495202449_n-300x225.jpg 300w, https:\/\/ekoen.pl\/wp-content\/uploads\/447432508_1006649141252627_8862133446495202449_n-768x576.jpg 768w, https:\/\/ekoen.pl\/wp-content\/uploads\/447432508_1006649141252627_8862133446495202449_n-1536x1152.jpg 1536w, https:\/\/ekoen.pl\/wp-content\/uploads\/447432508_1006649141252627_8862133446495202449_n-800x600.jpg 800w, https:\/\/ekoen.pl\/wp-content\/uploads\/447432508_1006649141252627_8862133446495202449_n.jpg 1600w\" sizes=\"(max-width: 1024px) 100vw, 1024px\" \/><\/figure>\n\n\n\n<p>Zapraszamy do Zielonej G\u00f3ry i Nowego Kisielina, gdzie elektromobilno\u015b\u0107 spotyka si\u0119 z przysz\u0142o\u015bci\u0105! <img loading=\"lazy\" decoding=\"async\" height=\"16\" width=\"16\" alt=\"\ud83d\udc9a\" src=\"https:\/\/static.xx.fbcdn.net\/images\/emoji.php\/v9\/t94\/1\/16\/1f49a.png\"><img loading=\"lazy\" decoding=\"async\" height=\"16\" width=\"16\" alt=\"\ud83d\udd0c\" src=\"https:\/\/static.xx.fbcdn.net\/images\/emoji.php\/v9\/t40\/1\/16\/1f50c.png\"><\/p>\n","protected":false},"excerpt":{"rendered":"<p>Czy wiesz, gdzie dzi\u015b mie\u015bci si\u0119 centrum elektromobilno\u015bci w Polsce? W Zielonej G\u00f3rze, w siedzibie Ekoenergetyki, odbywa si\u0119 wyj\u0105tkowe wydarzenie &#8211; CharIN Conference &amp; Testival, kt\u00f3re potrwa od 4 czerwca do 7 czerwca! Przedstawiciele \u015bwiata elektromobilno\u015bci z r\u00f3\u017cnych zak\u0105tk\u00f3w Europy zjechali si\u0119, aby wzi\u0105\u0107 udzia\u0142 w tym niesamowitym wydarzeniu. Dzieje si\u0119 naprawd\u0119 du\u017co! Panele dyskusyjne [&hellip;]<\/p>\n","protected":false},"author":3,"featured_media":1820,"comment_status":"open","ping_status":"open","sticky":false,"template":"","format":"standard","meta":{"footnotes":""},"categories":[1],"tags":[],"class_list":["post-1819","post","type-post","status-publish","format-standard","has-post-thumbnail","hentry","category-bez-kategorii"],"acf":[],"_links":{"self":[{"href":"https:\/\/ekoen.pl\/en\/wp-json\/wp\/v2\/posts\/1819","targetHints":{"allow":["GET"]}}],"collection":[{"href":"https:\/\/ekoen.pl\/en\/wp-json\/wp\/v2\/posts"}],"about":[{"href":"https:\/\/ekoen.pl\/en\/wp-json\/wp\/v2\/types\/post"}],"author":[{"embeddable":true,"href":"https:\/\/ekoen.pl\/en\/wp-json\/wp\/v2\/users\/3"}],"replies":[{"embeddable":true,"href":"https:\/\/ekoen.pl\/en\/wp-json\/wp\/v2\/comments?post=1819"}],"version-history":[{"count":1,"href":"https:\/\/ekoen.pl\/en\/wp-json\/wp\/v2\/posts\/1819\/revisions"}],"predecessor-version":[{"id":1824,"href":"https:\/\/ekoen.pl\/en\/wp-json\/wp\/v2\/posts\/1819\/revisions\/1824"}],"wp:featuredmedia":[{"embeddable":true,"href":"https:\/\/ekoen.pl\/en\/wp-json\/wp\/v2\/media\/1820"}],"wp:attachment":[{"href":"https:\/\/ekoen.pl\/en\/wp-json\/wp\/v2\/media?parent=1819"}],"wp:term":[{"taxonomy":"category","embeddable":true,"href":"https:\/\/ekoen.pl\/en\/wp-json\/wp\/v2\/categories?post=1819"},{"taxonomy":"post_tag","embeddable":true,"href":"https:\/\/ekoen.pl\/en\/wp-json\/wp\/v2\/tags?post=1819"}],"curies":[{"name":"wp","href":"https:\/\/api.w.org\/{rel}","templated":true}]}}