{"id":2431,"date":"2025-01-23T15:47:49","date_gmt":"2025-01-23T14:47:49","guid":{"rendered":"https:\/\/ekoen.pl\/?p=2431"},"modified":"2025-01-23T15:47:50","modified_gmt":"2025-01-23T14:47:50","slug":"hub-warszawa-reduta-uruchomiony","status":"publish","type":"post","link":"https:\/\/ekoen.pl\/en\/hub-warszawa-reduta-uruchomiony\/","title":{"rendered":"HUB Warszawa Reduta uruchomiony!"},"content":{"rendered":"\n<p>\ud83d\udea8 To ju\u017c! Otwieramy! \ud83d\ude42<\/p>\n\n\n\n<p>\ud83d\udce3 Z przyjemno\u015bci\u0105 og\u0142aszamy, \u017ce Hub Ekoen Warszawa Reduta, przy Alejach Jerozolimskich 148 zosta\u0142 uruchomiony \ud83d\ude42<\/p>\n\n\n\n<p>\ud83d\udc9a W zwi\u0105zku z tym przygotowali\u015bmy specjalne ceny, kt\u00f3re z pewno\u015bci\u0105 Was uciesz\u0105 :)Tak jak w przypadku innych naszych Hub\u00f3w, ceny s\u0105 dynamiczne, aby by\u0142y zawsze najkorzystniejsze \ud83d\ude42<\/p>\n\n\n\n<p>\ud83c\udf19 1,39 -1,49 w godzinach 22:00 &#8211; 07:00<br>\u2600\ufe0f 1,59 -1,69 w godzinach 07:00 &#8211; 22:00<\/p>\n\n\n\n<p>\u2755 P.S.<br>Hub dzia\u0142a jeszcze na przy\u0142\u0105czu technicznym z nieco ograniczon\u0105 moc\u0105 ale trwaj\u0105 ju\u017c prace nad docelowym przy\u0142\u0105czem 2 MW \ud83d\udcaa\u26a1<\/p>\n\n\n\n<p><\/p>\n","protected":false},"excerpt":{"rendered":"<p>\ud83d\udea8 To ju\u017c! Otwieramy! \ud83d\ude42 \ud83d\udce3 Z przyjemno\u015bci\u0105 og\u0142aszamy, \u017ce Hub Ekoen Warszawa Reduta, przy Alejach Jerozolimskich 148 zosta\u0142 uruchomiony \ud83d\ude42 \ud83d\udc9a W zwi\u0105zku z tym przygotowali\u015bmy specjalne ceny, kt\u00f3re z pewno\u015bci\u0105 Was uciesz\u0105 :)Tak jak w przypadku innych naszych Hub\u00f3w, ceny s\u0105 dynamiczne, aby by\u0142y zawsze najkorzystniejsze \ud83d\ude42 \ud83c\udf19 1,39 -1,49 w godzinach 22:00 [&hellip;]<\/p>\n","protected":false},"author":3,"featured_media":2432,"comment_status":"open","ping_status":"open","sticky":false,"template":"","format":"standard","meta":{"footnotes":""},"categories":[1],"tags":[],"class_list":["post-2431","post","type-post","status-publish","format-standard","has-post-thumbnail","hentry","category-bez-kategorii"],"acf":[],"_links":{"self":[{"href":"https:\/\/ekoen.pl\/en\/wp-json\/wp\/v2\/posts\/2431","targetHints":{"allow":["GET"]}}],"collection":[{"href":"https:\/\/ekoen.pl\/en\/wp-json\/wp\/v2\/posts"}],"about":[{"href":"https:\/\/ekoen.pl\/en\/wp-json\/wp\/v2\/types\/post"}],"author":[{"embeddable":true,"href":"https:\/\/ekoen.pl\/en\/wp-json\/wp\/v2\/users\/3"}],"replies":[{"embeddable":true,"href":"https:\/\/ekoen.pl\/en\/wp-json\/wp\/v2\/comments?post=2431"}],"version-history":[{"count":1,"href":"https:\/\/ekoen.pl\/en\/wp-json\/wp\/v2\/posts\/2431\/revisions"}],"predecessor-version":[{"id":2434,"href":"https:\/\/ekoen.pl\/en\/wp-json\/wp\/v2\/posts\/2431\/revisions\/2434"}],"wp:featuredmedia":[{"embeddable":true,"href":"https:\/\/ekoen.pl\/en\/wp-json\/wp\/v2\/media\/2432"}],"wp:attachment":[{"href":"https:\/\/ekoen.pl\/en\/wp-json\/wp\/v2\/media?parent=2431"}],"wp:term":[{"taxonomy":"category","embeddable":true,"href":"https:\/\/ekoen.pl\/en\/wp-json\/wp\/v2\/categories?post=2431"},{"taxonomy":"post_tag","embeddable":true,"href":"https:\/\/ekoen.pl\/en\/wp-json\/wp\/v2\/tags?post=2431"}],"curies":[{"name":"wp","href":"https:\/\/api.w.org\/{rel}","templated":true}]}}