{"id":95,"date":"2022-09-08T14:40:24","date_gmt":"2022-09-08T12:40:24","guid":{"rendered":"https:\/\/ekoen.pl\/?p=95"},"modified":"2022-10-11T13:43:06","modified_gmt":"2022-10-11T11:43:06","slug":"ekoen-zmienia-zasady-gry-w-elektromobilnosci","status":"publish","type":"post","link":"https:\/\/ekoen.pl\/en\/ekoen-zmienia-zasady-gry-w-elektromobilnosci\/","title":{"rendered":"EKOEN &#8211; zmienia zasady gry w elektromobilno\u015bci!"},"content":{"rendered":"\n<p><strong>Jak powinna wygl\u0105da\u0107 idealna stacja \u0142adowania? Czy u\u017cytkowanie \u201eelektryka\u201d to d\u0142ugi czas \u0142adowania i siedzenie w aucie przy \u0142adowarce? Nie, to ju\u017c przesz\u0142o\u015b\u0107! EKOEN rozwija sie\u0107 scentralizowanych i zintegrowanych stacji ultraszybkiego \u0142adowania, dzi\u0119ki kt\u00f3rym nada tempo wzrostu elektromobilno\u015bci w miastach. To te\u017c nowa jako\u015b\u0107, kt\u00f3ra kierowc\u00f3w EV traktuje wyj\u0105tkowo, zapewniaj\u0105c im dost\u0119pno\u015b\u0107 \u0142adowania, szybko\u015b\u0107 i komfort pobytu na stacji.<\/strong><\/p>\n\n\n\n<p>EKOEN to prawdziwa rewolucja na rynku us\u0142ug \u0142adowania, a poza tym r\u00f3wnie\u017c zaplecze gastronomiczne i komfortowa strefa odpoczynku dla kierowc\u00f3w oczekuj\u0105cych na na\u0142adowanie baterii. Jedna stacja obejmuje co najmniej 6 punkt\u00f3w \u0142adowania o r\u00f3\u017cnych mocach i z r\u00f3\u017cnymi z\u0142\u0105czami szybkiego i ultraszybkiego \u0142adowania, pozwalaj\u0105cymi uzupe\u0142ni\u0107 energi\u0119 w poje\u017adzie w maksymalnym czasie 30 minut. Odwiedzaj\u0105cy stacj\u0119 mo\u017ce skorzysta\u0107 z wyj\u0105tkowej kawiarni, a tak\u017ce specjalnej strefy relaksu przeznaczonej dla kierowc\u00f3w samochod\u00f3w elektrycznych i dost\u0119pnej 24 godziny na dob\u0119. Korzystanie z us\u0142ug \u0142adowania jest proste, nie wymaga dedykowanych aplikacji, specjalnych kart lub konieczno\u015bci wcze\u015bniejszej rejestracji.<br>EKOEN jest odpowiedzi\u0105 na globalne trendy i potrzeby rynku, szczeg\u00f3lnie mieszka\u0144c\u00f3w miast. To z jednej strony wizja stacji przysz\u0142o\u015bci, a z drugiej efekt do\u015bwiadcze\u0144 zebranych przy tworzeniu Ekoenergetyki i opracowywaniu jej produkt\u00f3w.<br>&#8211; Otwieraj\u0105c na pocz\u0105tku 2020 roku pierwsz\u0105 stacj\u0119 EKOEN w Zielonej G\u00f3rze, chcieli\u015bmy przede wszystkim pokaza\u0107 i przetestowa\u0107 rozwi\u0105zanie, kt\u00f3re zmieni podej\u015bcie do elektromobilno\u015bci, w centralnym punkcie umie\u015bci\u0107 u\u017cytkownika samochodu elektrycznego. Zmiana pojazdu na bardziej przyjazny dla \u015brodowiska musi si\u0119 wi\u0105za\u0107 z komfortem jego u\u017cytkowania. Dzisiaj ju\u017c wiemy, \u017ce to by\u0142 bardzo dobry krok. Rok temu zielonog\u00f3rski EKOEN by\u0142 eksperymentem, pierwsz\u0105 tak\u0105 stacj\u0105 w Europie. Jego u\u017cytkownicy utwierdzili nas w przekonaniu, \u017ce tego typu stacja to w\u0142a\u015bciwerozwi\u0105zanie, kt\u00f3re daje komfort i bezpiecze\u0144stwo u\u017cytkowania samochodu elektrycznego, dlatego podj\u0105\u0142em decyzj\u0119 o rozpocz\u0119ciu dynamicznego rozwoju naszej sieci. Rynek potwierdza s\u0142uszno\u015b\u0107 tego kierunku, podobne stacje otwieraj\u0105 si\u0119 ju\u017c w Wielkiej Brytanii, Niemczech czy we W\u0142oszech \u2013 m\u00f3wi Prezes EKOEN, Bartosz Kubik, a tak\u017ce za\u0142o\u017cyciel polskiego producenta stacji szybkiego \u0142adowania Ekoenergetyka \u2013 Polska S.A.<\/p>\n\n\n\n<p><\/p>\n\n\n\n<h2 class=\"wp-block-heading\">Dlaczego EKOEN ma znaczenie?<\/h2>\n\n\n\n<p>Sto stacji \u0142adowania typu EKOEN mo\u017ce obs\u0142u\u017cy\u0107 nawet do 9 mln pojazd\u00f3w rocznie. Tylko w samym 2020 roku zielonog\u00f3rski EKOEN obs\u0142u\u017cy\u0142 blisko 10 000 pojazd\u00f3w. Jest to istotne szczeg\u00f3lnie w miastach, gdzie opr\u00f3cz prywatnych u\u017cytkownik\u00f3w, samochody elektryczne zaczynaj\u0105 pojawia\u0107 si\u0119 tak\u017ce we flotach firmowych, taks\u00f3wkach, busach kurierskich czy jako pojazdy ostatniej mili.<br>Producenci pojazd\u00f3w zapowiedzieli, \u017ce d\u0105\u017c\u0105 do masowego upowszechnienia \u201eelektryk\u00f3w\u201d, r\u00f3wnie\u017c przez zr\u00f3wnanie czasu \u0142adowania pojazdu elektrycznego do czasu tankowania obecnych samochod\u00f3w spalinowych. Dlatego tak wa\u017cna jest budowa wielostanowiskowych stacji ultra-<br>szybkiego \u0142adowania.<br>&#8211; Stacje tego typu pomog\u0105 w zachowaniu miejsc parkingowych w miastach, kt\u00f3re dla u\u017cytkownik\u00f3w aut s\u0105 na wag\u0119 z\u0142ota. Wybudowanie jednej stacji EKOEN na nowej dzia\u0142ce uratuje nawet do stu miejsc, poniewa\u017c nie blokujemy miejskich parking\u00f3w \u2013 m\u00f3wi Prezes Kubik.<\/p>\n","protected":false},"excerpt":{"rendered":"<p>Jak powinna wygl\u0105da\u0107 idealna stacja \u0142adowania? Czy u\u017cytkowanie \u201eelektryka\u201d to d\u0142ugi czas \u0142adowania i siedzenie w aucie przy \u0142adowarce? Nie, to ju\u017c przesz\u0142o\u015b\u0107! EKOEN rozwija sie\u0107 scentralizowanych i zintegrowanych stacji ultraszybkiego \u0142adowania, dzi\u0119ki kt\u00f3rym nada tempo wzrostu elektromobilno\u015bci w miastach. To te\u017c nowa jako\u015b\u0107, kt\u00f3ra kierowc\u00f3w EV traktuje wyj\u0105tkowo, zapewniaj\u0105c im dost\u0119pno\u015b\u0107 \u0142adowania, szybko\u015b\u0107 i [&hellip;]<\/p>\n","protected":false},"author":1,"featured_media":0,"comment_status":"open","ping_status":"open","sticky":false,"template":"","format":"standard","meta":{"footnotes":""},"categories":[1],"tags":[],"class_list":["post-95","post","type-post","status-publish","format-standard","hentry","category-bez-kategorii"],"acf":[],"_links":{"self":[{"href":"https:\/\/ekoen.pl\/en\/wp-json\/wp\/v2\/posts\/95","targetHints":{"allow":["GET"]}}],"collection":[{"href":"https:\/\/ekoen.pl\/en\/wp-json\/wp\/v2\/posts"}],"about":[{"href":"https:\/\/ekoen.pl\/en\/wp-json\/wp\/v2\/types\/post"}],"author":[{"embeddable":true,"href":"https:\/\/ekoen.pl\/en\/wp-json\/wp\/v2\/users\/1"}],"replies":[{"embeddable":true,"href":"https:\/\/ekoen.pl\/en\/wp-json\/wp\/v2\/comments?post=95"}],"version-history":[{"count":5,"href":"https:\/\/ekoen.pl\/en\/wp-json\/wp\/v2\/posts\/95\/revisions"}],"predecessor-version":[{"id":470,"href":"https:\/\/ekoen.pl\/en\/wp-json\/wp\/v2\/posts\/95\/revisions\/470"}],"wp:attachment":[{"href":"https:\/\/ekoen.pl\/en\/wp-json\/wp\/v2\/media?parent=95"}],"wp:term":[{"taxonomy":"category","embeddable":true,"href":"https:\/\/ekoen.pl\/en\/wp-json\/wp\/v2\/categories?post=95"},{"taxonomy":"post_tag","embeddable":true,"href":"https:\/\/ekoen.pl\/en\/wp-json\/wp\/v2\/tags?post=95"}],"curies":[{"name":"wp","href":"https:\/\/api.w.org\/{rel}","templated":true}]}}